{"id":4811,"date":"2017-04-11T22:28:20","date_gmt":"2017-04-11T20:28:20","guid":{"rendered":"http:\/\/spmrowiny.gmina.zarow.pl\/?p=4811"},"modified":"2017-04-11T22:28:20","modified_gmt":"2017-04-11T20:28:20","slug":"drzwi-otwarte-kl-ii","status":"publish","type":"post","link":"http:\/\/spmrowiny.gmina.zarow.pl\/index.php\/drzwi-otwarte-kl-ii\/","title":{"rendered":"Drzwi Otwarte &#8211; kl. II"},"content":{"rendered":"<p style=\"text-align: justify;\"><a href=\"http:\/\/spmrowiny.gmina.zarow.pl\/index.php\/drzwi-otwarte-kl-ii\/dsc_0468\/\" rel=\"attachment wp-att-4838\"><img loading=\"lazy\" class=\"alignleft size-thumbnail wp-image-4838\" src=\"http:\/\/spmrowiny.gmina.zarow.pl\/wp-content\/uploads\/2017\/04\/DSC_0468-150x150.jpg\" alt=\"DSC_0468\" width=\"150\" height=\"150\" \/><\/a>W dniu 10.04.2017 r. w klasie drugiej w ramach &#8222;Drzwi Otwartych&#8221; przeprowadzono ostatnie zaj\u0119cia z projektu <span style=\"color: #ff6600;\"><strong>\u201eZdrowe- nietrudne&#8221;<\/strong><\/span>.<br \/>\nTemat: \u015awiat\u0142omierz. Jak o\u015bwietli\u0107 swoje biurko?<\/p>\n<p style=\"text-align: justify;\"><!--more--><\/p>\n<p style=\"text-align: justify;\">Przebieg zaj\u0119\u0107:<br \/>\n1. Rozmowa na temat znanych dzieciom \u017ar\u00f3de\u0142 \u015bwiat\u0142a (s\u0142o\u0144ce, \u017car\u00f3wka, \u015bwieca, ogie\u0144), w jakich sytuacjach z nich korzystamy,<br \/>\n2. Dob\u00f3r \u017car\u00f3wki w\u0142a\u015bciwej do nauki:<br \/>\n&#8211; ogl\u0105danie wybranych opakowa\u0144 i odczytywanie zawartych na nich informacji,zapoznanie z oznaczeniami.<br \/>\n&#8211; ustalenie, kt\u00f3re \u017car\u00f3wki daj\u0105 dobre \u015bwiat\u0142o do nauki.<br \/>\n&#8211; zapoznanie z oznaczeniami, kt\u00f3re znajduj\u0105 si\u0119 na opakowaniach,<br \/>\n3. Wykonanie zadania 1, karty pracy nr3.<br \/>\n4. Zabawa \u201ePrzewodnik\u201d- zadaniem przewodnika by\u0142o przeprowadzi\u0107 bezpiecznie partnera z jednego ko\u0144ca klasy na drugi.<br \/>\n5. Przeprowadzono zabaw\u0119 &#8222;rysowanie na komend\u0119\u201d.<br \/>\n6. Ca\u0142a klasa wzi\u0119\u0142a udzia\u0142 w \u0107wiczeniach relaksuj\u0105cych wzrok, pozna\u0142a witaminy i sk\u0142adniki mineralne, kt\u00f3re pomagaj\u0105 nam dobrze widzie\u0107.<br \/>\n7. Na koniec zaj\u0119\u0107 uczniowie w grupach z pomoc\u0105 rodzic\u00f3w wykonali smaczne, zdrowe kanapki. Wsp\u00f3lna praca dostarczy\u0142a wszystkim wiele rado\u015bci.<\/p>\n<p style=\"text-align: right;\">Ma\u0142gorzata Zi\u0119ba<\/p>\n<p style=\"text-align: left;\">Galeria:<\/p>\n<p style=\"text-align: left;\">\n<div id='gallery-1' class='gallery galleryid-4811 gallery-columns-3 gallery-size-thumbnail'><figure class='gallery-item'>\n\t\t\t<div class='gallery-icon landscape'>\n\t\t\t\t<a href=\"http:\/\/spmrowiny.gmina.zarow.pl\/wp-content\/uploads\/2017\/04\/DSC_0468.jpg\" title=\"DSC_0468\" data-description=\"\"><img width=\"150\" height=\"150\" src=\"http:\/\/spmrowiny.gmina.zarow.pl\/wp-content\/uploads\/2017\/04\/DSC_0468-150x150.jpg\" class=\"attachment-thumbnail size-thumbnail\" alt=\"\" loading=\"lazy\"><\/a>\n\t\t\t<\/div><\/figure><figure class='gallery-item'>\n\t\t\t<div class='gallery-icon landscape'>\n\t\t\t\t<a href=\"http:\/\/spmrowiny.gmina.zarow.pl\/wp-content\/uploads\/2017\/04\/DSC_0469.jpg\" title=\"DSC_0469\" data-description=\"\"><img width=\"150\" height=\"150\" src=\"http:\/\/spmrowiny.gmina.zarow.pl\/wp-content\/uploads\/2017\/04\/DSC_0469-150x150.jpg\" class=\"attachment-thumbnail size-thumbnail\" alt=\"\" loading=\"lazy\"><\/a>\n\t\t\t<\/div><\/figure><figure class='gallery-item'>\n\t\t\t<div class='gallery-icon landscape'>\n\t\t\t\t<a href=\"http:\/\/spmrowiny.gmina.zarow.pl\/wp-content\/uploads\/2017\/04\/DSC_0470.jpg\" title=\"DSC_0470\" data-description=\"\"><img width=\"150\" height=\"150\" src=\"http:\/\/spmrowiny.gmina.zarow.pl\/wp-content\/uploads\/2017\/04\/DSC_0470-150x150.jpg\" class=\"attachment-thumbnail size-thumbnail\" alt=\"\" loading=\"lazy\"><\/a>\n\t\t\t<\/div><\/figure><figure class='gallery-item'>\n\t\t\t<div class='gallery-icon landscape'>\n\t\t\t\t<a href=\"http:\/\/spmrowiny.gmina.zarow.pl\/wp-content\/uploads\/2017\/04\/DSC_0471.jpg\" title=\"DSC_0471\" data-description=\"\"><img width=\"150\" height=\"150\" src=\"http:\/\/spmrowiny.gmina.zarow.pl\/wp-content\/uploads\/2017\/04\/DSC_0471-150x150.jpg\" class=\"attachment-thumbnail size-thumbnail\" alt=\"\" loading=\"lazy\"><\/a>\n\t\t\t<\/div><\/figure><figure class='gallery-item'>\n\t\t\t<div class='gallery-icon landscape'>\n\t\t\t\t<a href=\"http:\/\/spmrowiny.gmina.zarow.pl\/wp-content\/uploads\/2017\/04\/DSC_0473.jpg\" title=\"DSC_0473\" data-description=\"\"><img width=\"150\" height=\"150\" src=\"http:\/\/spmrowiny.gmina.zarow.pl\/wp-content\/uploads\/2017\/04\/DSC_0473-150x150.jpg\" class=\"attachment-thumbnail size-thumbnail\" alt=\"\" loading=\"lazy\"><\/a>\n\t\t\t<\/div><\/figure>\n\t\t<\/div>\n\n","protected":false},"excerpt":{"rendered":"<p>W dniu 10.04.2017 r. w klasie drugiej w ramach &#8222;Drzwi Otwartych&#8221; przeprowadzono ostatnie zaj\u0119cia z projektu \u201eZdrowe- nietrudne&#8221;. Temat: \u015awiat\u0142omierz. Jak o\u015bwietli\u0107 swoje biurko?<\/p>\n","protected":false},"author":2,"featured_media":0,"comment_status":"closed","ping_status":"closed","sticky":false,"template":"","format":"standard","meta":[],"categories":[3],"tags":[],"_links":{"self":[{"href":"http:\/\/spmrowiny.gmina.zarow.pl\/index.php\/wp-json\/wp\/v2\/posts\/4811"}],"collection":[{"href":"http:\/\/spmrowiny.gmina.zarow.pl\/index.php\/wp-json\/wp\/v2\/posts"}],"about":[{"href":"http:\/\/spmrowiny.gmina.zarow.pl\/index.php\/wp-json\/wp\/v2\/types\/post"}],"author":[{"embeddable":true,"href":"http:\/\/spmrowiny.gmina.zarow.pl\/index.php\/wp-json\/wp\/v2\/users\/2"}],"replies":[{"embeddable":true,"href":"http:\/\/spmrowiny.gmina.zarow.pl\/index.php\/wp-json\/wp\/v2\/comments?post=4811"}],"version-history":[{"count":3,"href":"http:\/\/spmrowiny.gmina.zarow.pl\/index.php\/wp-json\/wp\/v2\/posts\/4811\/revisions"}],"predecessor-version":[{"id":4844,"href":"http:\/\/spmrowiny.gmina.zarow.pl\/index.php\/wp-json\/wp\/v2\/posts\/4811\/revisions\/4844"}],"wp:attachment":[{"href":"http:\/\/spmrowiny.gmina.zarow.pl\/index.php\/wp-json\/wp\/v2\/media?parent=4811"}],"wp:term":[{"taxonomy":"category","embeddable":true,"href":"http:\/\/spmrowiny.gmina.zarow.pl\/index.php\/wp-json\/wp\/v2\/categories?post=4811"},{"taxonomy":"post_tag","embeddable":true,"href":"http:\/\/spmrowiny.gmina.zarow.pl\/index.php\/wp-json\/wp\/v2\/tags?post=4811"}],"curies":[{"name":"wp","href":"https:\/\/api.w.org\/{rel}","templated":true}]}}