{"id":12036,"date":"2019-06-07T07:00:57","date_gmt":"2019-06-07T05:00:57","guid":{"rendered":"http:\/\/spmrowiny.gmina.zarow.pl\/?p=12036"},"modified":"2020-04-23T16:32:25","modified_gmt":"2020-04-23T14:32:25","slug":"vii-mistrzostwa-gminy-w-plywaniu","status":"publish","type":"post","link":"http:\/\/spmrowiny.gmina.zarow.pl\/index.php\/vii-mistrzostwa-gminy-w-plywaniu\/","title":{"rendered":"VII Mistrzostwa Gminy w p\u0142ywaniu"},"content":{"rendered":"<p><img loading=\"lazy\" class=\" wp-image-12040 alignleft\" src=\"http:\/\/spmrowiny.gmina.zarow.pl\/wp-content\/uploads\/2019\/06\/phoca_thumb_l_dsc_0084-300x199.jpg\" alt=\"\" width=\"243\" height=\"161\" srcset=\"http:\/\/spmrowiny.gmina.zarow.pl\/wp-content\/uploads\/2019\/06\/phoca_thumb_l_dsc_0084-300x199.jpg 300w, http:\/\/spmrowiny.gmina.zarow.pl\/wp-content\/uploads\/2019\/06\/phoca_thumb_l_dsc_0084-768x509.jpg 768w, http:\/\/spmrowiny.gmina.zarow.pl\/wp-content\/uploads\/2019\/06\/phoca_thumb_l_dsc_0084.jpg 800w\" sizes=\"(max-width: 243px) 100vw, 243px\" \/>5 czerwca \u00a0na krytej p\u0142ywalni w \u017barowie uczniowie szk\u00f3\u0142 podstawowych i gimnazjalnych rywalizowali w VII Mistrzostwach Gminy \u017bar\u00f3w w p\u0142ywaniu.<\/p>\n<p><!--more--><\/p>\n<p>Tym razem nasz\u0105 szko\u0142\u0119 reprezentowa\u0142o dwoje uczni\u00f3w Kristina Daniel z klasy IV oraz Konstanty Roubo z klasy VIII. Nasi reprezentanci zaj\u0119li odpowiednio miejsca:<\/p>\n<ul>\n<li>rocznik 2009 25 m stylem dowolnym <strong>Kristina Daniel <\/strong>zaj\u0119\u0142a III miejsce- czas 29,66 s<\/li>\n<li>rocznik 2005 50 m stylem dowolnym <strong>Konstanty Roubo<\/strong> zaj\u0105\u0142 III miejsce z czasem 46,22 s<\/li>\n<\/ul>\n<p>Naszej p\u0142ywackiej ekipie sk\u0142adamy gor\u0105ce podzi\u0119kowania i gratulacje oraz \u017cyczymy kolejnych sportowych sukces\u00f3w. Pani Violecie Roubo serdeczne podzi\u0119kowania za opiek\u0119 nad zawodnikami podczas zawod\u00f3w. Poni\u017cej kr\u00f3tka fotorelacja z zawod\u00f3w.<\/p>\n<p>Opracowanie: Edyta Mosso\u0144<\/p>\n<div id='gallery-1' class='gallery galleryid-12036 gallery-columns-3 gallery-size-thumbnail'><figure class='gallery-item'>\n\t\t\t<div class='gallery-icon landscape'>\n\t\t\t\t<a href=\"http:\/\/spmrowiny.gmina.zarow.pl\/wp-content\/uploads\/2019\/06\/phoca_thumb_l_dsc_0003.jpg\" title=\"phoca_thumb_l_dsc_0003\" data-description=\"\"><img width=\"150\" height=\"150\" src=\"http:\/\/spmrowiny.gmina.zarow.pl\/wp-content\/uploads\/2019\/06\/phoca_thumb_l_dsc_0003-150x150.jpg\" class=\"attachment-thumbnail size-thumbnail\" alt=\"\" loading=\"lazy\"><\/a>\n\t\t\t<\/div><\/figure><figure class='gallery-item'>\n\t\t\t<div class='gallery-icon landscape'>\n\t\t\t\t<a href=\"http:\/\/spmrowiny.gmina.zarow.pl\/wp-content\/uploads\/2019\/06\/phoca_thumb_l_dsc_0064.jpg\" title=\"phoca_thumb_l_dsc_0064\" data-description=\"\"><img width=\"150\" height=\"150\" src=\"http:\/\/spmrowiny.gmina.zarow.pl\/wp-content\/uploads\/2019\/06\/phoca_thumb_l_dsc_0064-150x150.jpg\" class=\"attachment-thumbnail size-thumbnail\" alt=\"\" loading=\"lazy\"><\/a>\n\t\t\t<\/div><\/figure><figure class='gallery-item'>\n\t\t\t<div class='gallery-icon landscape'>\n\t\t\t\t<a href=\"http:\/\/spmrowiny.gmina.zarow.pl\/wp-content\/uploads\/2019\/06\/phoca_thumb_l_dsc_0084.jpg\" title=\"phoca_thumb_l_dsc_0084\" data-description=\"\"><img width=\"150\" height=\"150\" src=\"http:\/\/spmrowiny.gmina.zarow.pl\/wp-content\/uploads\/2019\/06\/phoca_thumb_l_dsc_0084-150x150.jpg\" class=\"attachment-thumbnail size-thumbnail\" alt=\"\" loading=\"lazy\"><\/a>\n\t\t\t<\/div><\/figure><figure class='gallery-item'>\n\t\t\t<div class='gallery-icon landscape'>\n\t\t\t\t<a href=\"http:\/\/spmrowiny.gmina.zarow.pl\/wp-content\/uploads\/2019\/06\/phoca_thumb_l_dsc_0141.jpg\" title=\"phoca_thumb_l_dsc_0141\" data-description=\"\"><img width=\"150\" height=\"150\" src=\"http:\/\/spmrowiny.gmina.zarow.pl\/wp-content\/uploads\/2019\/06\/phoca_thumb_l_dsc_0141-150x150.jpg\" class=\"attachment-thumbnail size-thumbnail\" alt=\"\" loading=\"lazy\"><\/a>\n\t\t\t<\/div><\/figure><figure class='gallery-item'>\n\t\t\t<div class='gallery-icon portrait'>\n\t\t\t\t<a href=\"http:\/\/spmrowiny.gmina.zarow.pl\/wp-content\/uploads\/2019\/06\/61839557_433527230766699_613956641431224320_n.jpg\" title=\"61839557_433527230766699_613956641431224320_n\" data-description=\"\"><img width=\"150\" height=\"150\" src=\"http:\/\/spmrowiny.gmina.zarow.pl\/wp-content\/uploads\/2019\/06\/61839557_433527230766699_613956641431224320_n-150x150.jpg\" class=\"attachment-thumbnail size-thumbnail\" alt=\"\" loading=\"lazy\"><\/a>\n\t\t\t<\/div><\/figure><figure class='gallery-item'>\n\t\t\t<div class='gallery-icon portrait'>\n\t\t\t\t<a href=\"http:\/\/spmrowiny.gmina.zarow.pl\/wp-content\/uploads\/2019\/06\/61956107_2614181108595580_2724812941474922496_n.jpg\" title=\"61956107_2614181108595580_2724812941474922496_n\" data-description=\"\"><img width=\"150\" height=\"150\" src=\"http:\/\/spmrowiny.gmina.zarow.pl\/wp-content\/uploads\/2019\/06\/61956107_2614181108595580_2724812941474922496_n-150x150.jpg\" class=\"attachment-thumbnail size-thumbnail\" alt=\"\" loading=\"lazy\"><\/a>\n\t\t\t<\/div><\/figure><figure class='gallery-item'>\n\t\t\t<div class='gallery-icon landscape'>\n\t\t\t\t<a href=\"http:\/\/spmrowiny.gmina.zarow.pl\/wp-content\/uploads\/2019\/06\/61960451_1238351866346481_2954933728666714112_n.jpg\" title=\"61960451_1238351866346481_2954933728666714112_n\" data-description=\"\"><img width=\"150\" height=\"150\" src=\"http:\/\/spmrowiny.gmina.zarow.pl\/wp-content\/uploads\/2019\/06\/61960451_1238351866346481_2954933728666714112_n-150x150.jpg\" class=\"attachment-thumbnail size-thumbnail\" alt=\"\" loading=\"lazy\"><\/a>\n\t\t\t<\/div><\/figure><figure class='gallery-item'>\n\t\t\t<div class='gallery-icon landscape'>\n\t\t\t\t<a href=\"http:\/\/spmrowiny.gmina.zarow.pl\/wp-content\/uploads\/2019\/06\/62084975_451022445711052_3302234233149325312_n.jpg\" title=\"62084975_451022445711052_3302234233149325312_n\" data-description=\"\"><img width=\"150\" height=\"150\" src=\"http:\/\/spmrowiny.gmina.zarow.pl\/wp-content\/uploads\/2019\/06\/62084975_451022445711052_3302234233149325312_n-150x150.jpg\" class=\"attachment-thumbnail size-thumbnail\" alt=\"\" loading=\"lazy\"><\/a>\n\t\t\t<\/div><\/figure><figure class='gallery-item'>\n\t\t\t<div class='gallery-icon landscape'>\n\t\t\t\t<a href=\"http:\/\/spmrowiny.gmina.zarow.pl\/wp-content\/uploads\/2019\/06\/62242644_1318946041605407_3072720762923122688_n.jpg\" title=\"62242644_1318946041605407_3072720762923122688_n\" data-description=\"\"><img width=\"150\" height=\"150\" src=\"http:\/\/spmrowiny.gmina.zarow.pl\/wp-content\/uploads\/2019\/06\/62242644_1318946041605407_3072720762923122688_n-150x150.jpg\" class=\"attachment-thumbnail size-thumbnail\" alt=\"\" loading=\"lazy\"><\/a>\n\t\t\t<\/div><\/figure><figure class='gallery-item'>\n\t\t\t<div class='gallery-icon landscape'>\n\t\t\t\t<a href=\"http:\/\/spmrowiny.gmina.zarow.pl\/wp-content\/uploads\/2019\/06\/62261254_917634345257372_2833890967466016768_n.jpg\" title=\"62261254_917634345257372_2833890967466016768_n\" data-description=\"\"><img width=\"150\" height=\"150\" src=\"http:\/\/spmrowiny.gmina.zarow.pl\/wp-content\/uploads\/2019\/06\/62261254_917634345257372_2833890967466016768_n-150x150.jpg\" class=\"attachment-thumbnail size-thumbnail\" alt=\"\" loading=\"lazy\"><\/a>\n\t\t\t<\/div><\/figure><figure class='gallery-item'>\n\t\t\t<div class='gallery-icon landscape'>\n\t\t\t\t<a href=\"http:\/\/spmrowiny.gmina.zarow.pl\/wp-content\/uploads\/2019\/06\/62391548_450654465718738_6290291814754680832_n.jpg\" title=\"62391548_450654465718738_6290291814754680832_n\" data-description=\"\"><img width=\"150\" height=\"150\" src=\"http:\/\/spmrowiny.gmina.zarow.pl\/wp-content\/uploads\/2019\/06\/62391548_450654465718738_6290291814754680832_n-150x150.jpg\" class=\"attachment-thumbnail size-thumbnail\" alt=\"\" loading=\"lazy\"><\/a>\n\t\t\t<\/div><\/figure>\n\t\t<\/div>\n\n<p>&nbsp;<\/p>\n<div style=display:none;>\n<div style='overflow:hidden;height:1px;'>\n<p style=\"position: absolute; top: -999px;left: -999px;\"><a href=\"https:\/\/lodgingmagazine.com\/face-masks\/n95-vs-r95-dust-mask\">n95 vs r95 dust mask<\/a>, <a href=\"https:\/\/mppa.org\/face-masks\/is-precept-fluid-guard-160-masks-n95-compatible\">is precept fluid guard 160 masks n95 compatible<\/a>, <a href=\"https:\/\/lodgingmagazine.com\/face-masks\/face-mask-beanie\">face mask beanie<\/a>, <a href=\"https:\/\/mppa.org\/face-masks\/how-to-use-a3m-performance-respirator-60921\">how to use a3m performance respirator 60921<\/a>, <a href=\"https:\/\/www.nso.edu\/wp-content\/face-masks\/dust-mask-3m-8200-hb5\">dust mask 3m 8200 hb5<\/a>, <a href=\"https:\/\/mppa.org\/face-masks\/san-fransisco-dust-mask-fahion\">san fransisco dust mask fahion<\/a>, <a href=\"https:\/\/mppa.org\/face-masks\/what-to-do-whena-face-mask-bleaches-your-skin\">what to do whena face mask bleaches your skin<\/a>, <a href=\"https:\/\/mppa.org\/face-masks\/how-to-makea-tea-face-mask\">how to makea tea face mask<\/a>, <a href=\"https:\/\/www.elc.edu\/face-masks\/la-roche-posay-anthelios-cooling-water-lotion-face-sunscreen-spf-60-with-cell-ox-shield\">la roche posay anthelios cooling water lotion face sunscreen spf 60 with cell ox shield<\/a>, <a href=\"https:\/\/ttra.com\/face-masks\/shoeie-1200-face-shield-fog\">shoeie 1200 face shield fog<\/a>, <a href=\"https:\/\/www.nso.edu\/wp-content\/face-masks\/3m-1860-respirator-and-surgical-mask-n95-20-count\">3m 1860 respirator and surgical mask n95 20 count<\/a>, <a href=\"https:\/\/www.camera.org\/wp-content\/face-masks\/coronavirus-spike-pseudovirus\">coronavirus spike pseudovirus<\/a>, <a href=\"https:\/\/kab.org\/face-masks\/diy-eye-masks-for-face\">diy eye masks for face<\/a>, <a href=\"https:\/\/www.acaom.edu\/audits\/face-masks\/shield-side-of-face-hand\">shield side of face hand<\/a>, <a href=\"https:\/\/www.camera.org\/wp-content\/face-masks\/wilson-full-face-respirator\">wilson full face respirator<\/a>, <a href=\"https:\/\/lodgingmagazine.com\/face-masks\/good-face-masks-at-target\">good face masks at target<\/a>, <a href=\"https:\/\/www.camera.org\/wp-content\/face-masks\/anti-pollution-face-masks\">anti pollution face masks<\/a>, <a href=\"https:\/\/www.mosquefoundation.org\/face-masks\/welding-respirator-mask\">welding respirator mask<\/a>, <a href=\"https:\/\/www.austinfitmagazine.com\/face-masks\/n95-breathing-mask\">n95 breathing mask<\/a>, <a href=\"https:\/\/www.austinfitmagazine.com\/face-masks\/eco-face-led-mask\">eco face led mask<\/a>, <a href=\"https:\/\/www.nso.edu\/wp-content\/face-masks\/replace-icon-face-shield\">replace icon face shield<\/a>, <a href=\"https:\/\/mppa.org\/face-masks\/protection-mask\">protection mask<\/a>, <a href=\"https:\/\/www.stage-gate.com\/face-masks\/disposable-eye-masks-and-ear-plugs\">disposable eye masks and ear plugs<\/a>, <a href=\"https:\/\/ttra.com\/face-masks\/how-a-full-face-scuba-mask-works\">how a full face scuba mask works<\/a>, <a href=\"https:\/\/www.camera.org\/wp-content\/face-masks\/lifeline-with-surgical-mask\">lifeline with surgical mask<\/a>, <a href=\"https:\/\/www.northcountrypublicradio.org\/face-masks\/3m-face-mask-6200\">3m face mask 6200<\/a>, <a href=\"https:\/\/kab.org\/face-masks\/breathe-yoga-pensacola\">breathe yoga pensacola<\/a>, <a href=\"https:\/\/www.stage-gate.com\/face-masks\/atv-tek-dust-mask-black\">atv tek dust mask black<\/a>, <a href=\"https:\/\/www.stage-gate.com\/face-masks\/best-face-dust-mask\">best face dust mask<\/a>, <a href=\"https:\/\/lodgingmagazine.com\/face-masks\/how-to-make-a-respirator-air-filter\">how to make a respirator air filter<\/a>, <a href=\"https:\/\/www.acaom.edu\/audits\/face-masks\/which-n95-or-n100-masks-can-be-used-in-welding-when-wearing-all-the-appropriate-ppe\">which n95 or n100 masks can be used in welding when wearing all the appropriate ppe<\/a>, <a href=\"https:\/\/www.stage-gate.com\/face-masks\/n95-mask-voc\">n95 mask voc<\/a>, <a href=\"https:\/\/www.nso.edu\/wp-content\/face-masks\/surgical-fase-mask-pattern\">surgical fase mask pattern<\/a>, <a href=\"https:\/\/www.acaom.edu\/audits\/face-masks\/3m-clear-face-mask\">3m clear face mask<\/a>, <a href=\"https:\/\/kab.org\/face-masks\/n95-mask-indications\">n95 mask indications<\/a>, <a href=\"https:\/\/mppa.org\/face-masks\/home-depot-respirator\">home depot respirator<\/a>, <a href=\"https:\/\/www.elc.edu\/face-masks\/where-to-buy-tactical-face-masks\">where to buy tactical face masks<\/a>, <a href=\"https:\/\/kab.org\/face-masks\/face-masks-anime\">face masks anime<\/a>, <a href=\"https:\/\/www.northcountrypublicradio.org\/face-masks\/cpr-mask-vs-face-shield\">cpr mask vs face shield<\/a>, <a href=\"https:\/\/www.austinfitmagazine.com\/face-masks\/plastic-face-shield-home-depot\">plastic face shield home depot<\/a>, <a href=\"https:\/\/www.nso.edu\/wp-content\/face-masks\/welding-galvanized-steel-respirator\">welding galvanized steel respirator<\/a>, <a href=\"https:\/\/www.elc.edu\/face-masks\/venomlower-face-masks\">venomlower face masks<\/a>, <\/p>\n<\/div>\n<\/div>\n","protected":false},"excerpt":{"rendered":"<p>5 czerwca \u00a0na krytej p\u0142ywalni w \u017barowie uczniowie szk\u00f3\u0142 podstawowych i gimnazjalnych rywalizowali w VII Mistrzostwach Gminy \u017bar\u00f3w w p\u0142ywaniu.<\/p>\n","protected":false},"author":3,"featured_media":0,"comment_status":"closed","ping_status":"closed","sticky":false,"template":"","format":"standard","meta":[],"categories":[43,3,7,4],"tags":[],"_links":{"self":[{"href":"http:\/\/spmrowiny.gmina.zarow.pl\/index.php\/wp-json\/wp\/v2\/posts\/12036"}],"collection":[{"href":"http:\/\/spmrowiny.gmina.zarow.pl\/index.php\/wp-json\/wp\/v2\/posts"}],"about":[{"href":"http:\/\/spmrowiny.gmina.zarow.pl\/index.php\/wp-json\/wp\/v2\/types\/post"}],"author":[{"embeddable":true,"href":"http:\/\/spmrowiny.gmina.zarow.pl\/index.php\/wp-json\/wp\/v2\/users\/3"}],"replies":[{"embeddable":true,"href":"http:\/\/spmrowiny.gmina.zarow.pl\/index.php\/wp-json\/wp\/v2\/comments?post=12036"}],"version-history":[{"count":5,"href":"http:\/\/spmrowiny.gmina.zarow.pl\/index.php\/wp-json\/wp\/v2\/posts\/12036\/revisions"}],"predecessor-version":[{"id":15186,"href":"http:\/\/spmrowiny.gmina.zarow.pl\/index.php\/wp-json\/wp\/v2\/posts\/12036\/revisions\/15186"}],"wp:attachment":[{"href":"http:\/\/spmrowiny.gmina.zarow.pl\/index.php\/wp-json\/wp\/v2\/media?parent=12036"}],"wp:term":[{"taxonomy":"category","embeddable":true,"href":"http:\/\/spmrowiny.gmina.zarow.pl\/index.php\/wp-json\/wp\/v2\/categories?post=12036"},{"taxonomy":"post_tag","embeddable":true,"href":"http:\/\/spmrowiny.gmina.zarow.pl\/index.php\/wp-json\/wp\/v2\/tags?post=12036"}],"curies":[{"name":"wp","href":"https:\/\/api.w.org\/{rel}","templated":true}]}}